{"id":9539,"date":"2021-02-08T22:13:01","date_gmt":"2021-02-09T02:13:01","guid":{"rendered":"https:\/\/www.notaoficial.com\/s\/?p=9539"},"modified":"2021-02-08T22:13:01","modified_gmt":"2021-02-09T02:13:01","slug":"salsa-con-clase-a-ritmo-de-pandemia","status":"publish","type":"post","link":"https:\/\/www.notaoficial.com\/s\/2021\/02\/08\/salsa-con-clase-a-ritmo-de-pandemia\/","title":{"rendered":"Salsa Con Clase a ritmo de \u00abPandemia\u00bb"},"content":{"rendered":"<p align=\"justify\">El veterano de la \u00abSalsa Dura\u00bb, <strong>Johnny Ray<\/strong> presenta el tema \u00ab<a href=\"https:\/\/sable.madmimi.com\/c\/28511?id=19005379.21953.1.a514cd37fadb7121bfad31fafe3230d4\" target=\"_blank\" rel=\"noopener noreferrer\" data-saferedirecturl=\"https:\/\/www.google.com\/url?q=https:\/\/sable.madmimi.com\/c\/28511?id%3D19005379.21953.1.a514cd37fadb7121bfad31fafe3230d4&amp;source=gmail&amp;ust=1612922944406000&amp;usg=AFQjCNGctBXQVity4rw6YvHxwD0ejAMXtg\">Pandemia<\/a>\u00bb junto a su agrupaci\u00f3n <strong>Salsa Con Clase<\/strong>.<\/p>\n<p align=\"justify\">\u00abLa gente est\u00e1 loca y aburrida, qued\u00e1ndose en casa todo el d\u00eda\u00bb dice uno de los estribillos de este tema interpretado por <strong>Sammy Gonz\u00e1lez Junior<\/strong>, bajo la direcci\u00f3n y percusi\u00f3n de <strong>Johnny Ray <\/strong> y la composici\u00f3n de <strong>Johnny Zamot<\/strong>.<\/p>\n<p align=\"justify\">Despu\u00e9s de casi cuatro d\u00e9cadas como m\u00fasico y director de su propia banda, y cuarenta y tres grabaciones en su haber, Johnny Ray es, sin lugar a dudas, uno de los salseros m\u00e1s reconocidos de la industria.<\/p>\n<p align=\"justify\">Johnny Ray y Salsa Con Clase ha actuado en numerosos colegios, universidades, festivales, ferias, banquetes y eventos privados en Canad\u00e1, Colombia, Rep\u00fablica Dominicana, Ecuador, Inglaterra, Francia, Alemania, Italia, Jap\u00f3n, M\u00e9xico, Panam\u00e1, Per\u00fa, Puerto Rico, Rusia, Espa\u00f1a, Suiza, Venezuela, y en todo los Estados Unidos.<\/p>\n<p align=\"justify\">Ha compartido escenarios con los m\u00e1s grandes del g\u00e9nero como lo son <strong>Jos\u00e9 Alberto \u00abEl Canario\u00bb, Marc Anthony, Joe Arroyo, Ray Barreto, Rub\u00e9n Blades, Cachao, Bobby Cap\u00f3, Conjunto Cl\u00e1sico, Willie Col\u00f3n, El Gran Combo, Celia Cruz, Oscar de Le\u00f3n, en Fajardo, La India, Dimensi\u00f3n Latina, H\u00e9ctor Lavoe, Millie Quezada y Los Vecinos, Machito, Andy Monta\u00f1ez, Grupo Niche, Tito Nieves, Tommy Olivencia, Johnny Pacheco, Charlie Palmieri, Eddie Palmieri, Sonora Ponce\u00f1a, de Puerto Rican Power, Tito Puente, Louie Ram\u00edrez, Jerry Rivera, Tito Rodr\u00edguez, Willie Rosario, Eddie Santiago, Bobby Valent\u00edn, Johnny Ventura, Fernandito Villalona,<\/strong> entre muchos otros.<\/p>\n","protected":false},"excerpt":{"rendered":"<p>El veterano de la \u00abSalsa Dura\u00bb, Johnny Ray presenta el tema \u00abPandemia\u00bb junto a su agrupaci\u00f3n Salsa Con Clase. \u00abLa gente est\u00e1 loca y aburrida, qued\u00e1ndose en casa todo el d\u00eda\u00bb dice uno de los estribillos de este tema interpretado por Sammy Gonz\u00e1lez Junior, bajo la direcci\u00f3n y percusi\u00f3n de Johnny Ray y la composici\u00f3n [&hellip;]<\/p>\n","protected":false},"author":2,"featured_media":9540,"comment_status":"closed","ping_status":"open","sticky":false,"template":"","format":"standard","meta":[],"categories":[146],"tags":[9313,6726,9314],"wppr_data":{"cwp_meta_box_check":"No"},"_links":{"self":[{"href":"https:\/\/www.notaoficial.com\/s\/wp-json\/wp\/v2\/posts\/9539"}],"collection":[{"href":"https:\/\/www.notaoficial.com\/s\/wp-json\/wp\/v2\/posts"}],"about":[{"href":"https:\/\/www.notaoficial.com\/s\/wp-json\/wp\/v2\/types\/post"}],"author":[{"embeddable":true,"href":"https:\/\/www.notaoficial.com\/s\/wp-json\/wp\/v2\/users\/2"}],"replies":[{"embeddable":true,"href":"https:\/\/www.notaoficial.com\/s\/wp-json\/wp\/v2\/comments?post=9539"}],"version-history":[{"count":1,"href":"https:\/\/www.notaoficial.com\/s\/wp-json\/wp\/v2\/posts\/9539\/revisions"}],"predecessor-version":[{"id":9541,"href":"https:\/\/www.notaoficial.com\/s\/wp-json\/wp\/v2\/posts\/9539\/revisions\/9541"}],"wp:featuredmedia":[{"embeddable":true,"href":"https:\/\/www.notaoficial.com\/s\/wp-json\/wp\/v2\/media\/9540"}],"wp:attachment":[{"href":"https:\/\/www.notaoficial.com\/s\/wp-json\/wp\/v2\/media?parent=9539"}],"wp:term":[{"taxonomy":"category","embeddable":true,"href":"https:\/\/www.notaoficial.com\/s\/wp-json\/wp\/v2\/categories?post=9539"},{"taxonomy":"post_tag","embeddable":true,"href":"https:\/\/www.notaoficial.com\/s\/wp-json\/wp\/v2\/tags?post=9539"}],"curies":[{"name":"wp","href":"https:\/\/api.w.org\/{rel}","templated":true}]}}