{"id":9708,"date":"2021-03-15T14:18:18","date_gmt":"2021-03-15T18:18:18","guid":{"rendered":"https:\/\/www.notaoficial.com\/s\/?p=9708"},"modified":"2021-03-15T14:18:18","modified_gmt":"2021-03-15T18:18:18","slug":"paises-celebraran-cuarta-reunion-del-foro-de-america-latina-y-el-caribe-sobre-el-desarrollo-sostenible","status":"publish","type":"post","link":"https:\/\/www.notaoficial.com\/s\/2021\/03\/15\/paises-celebraran-cuarta-reunion-del-foro-de-america-latina-y-el-caribe-sobre-el-desarrollo-sostenible\/","title":{"rendered":"Pa\u00edses celebrar\u00e1n cuarta reuni\u00f3n del Foro de Am\u00e9rica Latina y el Caribe sobre el Desarrollo Sostenible"},"content":{"rendered":"<p>Por Alessandro Bazzoni<\/p>\n<p>Los pa\u00edses de Am\u00e9rica Latina y el Caribe celebrar\u00e1n del 15 al 18 de marzo de 2021 la cuarta reuni\u00f3n del <a href=\"https:\/\/foroalc2030.cepal.org\/2021\/es\" data-saferedirecturl=\"https:\/\/www.google.com\/url?q=https:\/\/foroalc2030.cepal.org\/2021\/es&amp;source=gmail&amp;ust=1615918387727000&amp;usg=AFQjCNHp-m50LArw9m3KwNLAYa24RziWlQ\">Foro sobre el Desarrollo Sostenible<\/a>, en la que representantes de gobiernos, instituciones internacionales, sector privado, academia y sociedad civil revisar\u00e1n los avances y desaf\u00edos de la implementaci\u00f3n de la Agenda 2030 para el Desarrollo Sostenible en la regi\u00f3n.<\/p>\n<p>El evento, que por primera vez se realizar\u00e1 de manera virtual, ser\u00e1 inaugurado el martes 16 de marzo a las 08:00 a.m. hora de Costa Rica (GMT-6) por Carlos Alvarado, Presidente de Costa Rica, pa\u00eds que ejerce la presidencia pro t\u00e9mpore de la CEPAL; Amina Mohammed, Vicesecretaria General de las Naciones Unidas; Munir Akram, Presidente del Consejo Econ\u00f3mico y Social (ECOSOC); y Alicia B\u00e1rcena, Secretaria Ejecutiva de la Comisi\u00f3n Econ\u00f3mica para Am\u00e9rica Latina y el Caribe (CEPAL).<\/p>\n<p>El Foro regional busca proporcionar oportunidades \u00fatiles de aprendizaje entre pares a trav\u00e9s de ex\u00e1menes voluntarios, el intercambio de buenas pr\u00e1cticas y la discusi\u00f3n de metas comunes. Sus conclusiones son remitidas directamente al Foro Pol\u00edtico de Alto Nivel (FPAN) sobre el Desarrollo Sostenible de las Naciones Unidas, mecanismo global de seguimiento de la Agenda 2030 que sesiona cada mes de julio en Nueva York.<\/p>\n<p>Durante la <a href=\"https:\/\/foroalc2030.cepal.org\/2021\/es\" data-saferedirecturl=\"https:\/\/www.google.com\/url?q=https:\/\/foroalc2030.cepal.org\/2021\/es&amp;source=gmail&amp;ust=1615918387727000&amp;usg=AFQjCNHp-m50LArw9m3KwNLAYa24RziWlQ\">cuarta reuni\u00f3n<\/a>, los pa\u00edses dialogar\u00e1n sobre la recuperaci\u00f3n resiliente y sostenible de la pandemia de COVID-19 y el logro de la Agenda 2030. Abordar\u00e1n tambi\u00e9n la construcci\u00f3n de un futuro mejor en el Caribe y los temas clave para la implementaci\u00f3n de la agenda de desarrollo en la etapa pos-COVID-19 en la subregi\u00f3n.<\/p>\n<p>Asimismo, Alicia B\u00e1rcena presentar\u00e1 el informe de avance anual sobre el progreso y los desaf\u00edos regionales de la Agenda 2030 para el Desarrollo Sostenible en Am\u00e9rica Latina y el Caribe, titulado <strong><em>\u201cConstruir un futuro mejor: acciones para fortalecer la Agenda 2030 para el Desarrollo Sostenible\u201d<\/em><\/strong>.<\/p>\n<p>La cuarta reuni\u00f3n del Foro concluir\u00e1 con una mesa redonda de alto nivel titulada \u201cConstruir un camino inclusivo y eficaz para el logro de la Agenda 2030 en el contexto de la d\u00e9cada de acci\u00f3n y la recuperaci\u00f3n pospandemia de COVID-19\u201d.<\/p>\n<p>Como actividades preparatorias del encuentro regional, el <u>lunes 15 de marzo<\/u> se celebrar\u00e1 la reuni\u00f3n de la sociedad civil de Am\u00e9rica Latina y el Caribe, adem\u00e1s de un encuentro de alto nivel sobre los desaf\u00edos en la implementaci\u00f3n de la Agenda 2030 de los miembros asociados de la CEPAL, con la participaci\u00f3n de Alicia B\u00e1rcena, Secretaria Ejecutiva de la CEPAL, entre otras actividades.<\/p>\n<p><strong>El programa completo de la cuarta reuni\u00f3n del Foro est\u00e1 disponible en el <\/strong><a href=\"https:\/\/foroalc2030.cepal.org\/2021\/es\" data-saferedirecturl=\"https:\/\/www.google.com\/url?q=https:\/\/foroalc2030.cepal.org\/2021\/es&amp;source=gmail&amp;ust=1615918387727000&amp;usg=AFQjCNHp-m50LArw9m3KwNLAYa24RziWlQ\"><strong>sitio web<\/strong><\/a><strong> especial del encuentro. <\/strong><\/p>\n<p><strong>Las actividades oficiales del evento podr\u00e1n ser seguidas en vivo a trav\u00e9s del sitio <\/strong><a href=\"http:\/\/www.cepal.org\" data-saferedirecturl=\"https:\/\/www.google.com\/url?q=http:\/\/www.cepal.org&amp;source=gmail&amp;ust=1615918387727000&amp;usg=AFQjCNHSmzrOOv8DCaY7i6HwZe6c4aVDjA\"><strong>www.cepal.org<\/strong><\/a><strong>, la p\u00e1gina <\/strong><a href=\"https:\/\/live.cepal.org\/\" data-saferedirecturl=\"https:\/\/www.google.com\/url?q=https:\/\/live.cepal.org\/&amp;source=gmail&amp;ust=1615918387727000&amp;usg=AFQjCNEeUKeQ-2xpYHW6VkrpTGMEWMAk3Q\"><strong>https:\/\/live.cepal.org\/<\/strong><\/a><strong> y las cuentas institucionales en Twitter (<\/strong><a href=\"https:\/\/twitter.com\/cepal_onu\" data-saferedirecturl=\"https:\/\/www.google.com\/url?q=https:\/\/twitter.com\/cepal_onu&amp;source=gmail&amp;ust=1615918387727000&amp;usg=AFQjCNEbd3c26D-e65JFszMHe0AvQ4liGw\"><strong>https:\/\/twitter.com\/cepal_onu<\/strong><\/a><strong>) y Facebook (<\/strong><a href=\"https:\/\/www.facebook.com\/cepal.onu\" data-saferedirecturl=\"https:\/\/www.google.com\/url?q=https:\/\/www.facebook.com\/cepal.onu&amp;source=gmail&amp;ust=1615918387727000&amp;usg=AFQjCNGuqfKkH_oRbqzfo3u0QFJSJAjNxg\"><strong>https:\/\/www.facebook.com\/cepal.onu<\/strong><\/a><strong>). <\/strong><\/p>\n<p><strong>M\u00e1s informaci\u00f3n:<\/strong><\/p>\n<ul>\n<li><a href=\"https:\/\/foroalc2030.cepal.org\/2021\/es\" data-saferedirecturl=\"https:\/\/www.google.com\/url?q=https:\/\/foroalc2030.cepal.org\/2021\/es&amp;source=gmail&amp;ust=1615918387727000&amp;usg=AFQjCNHp-m50LArw9m3KwNLAYa24RziWlQ\">Cuarta reuni\u00f3n del Foro de los Pa\u00edses de Am\u00e9rica Latina y el Caribe sobre el Desarrollo Sostenible<\/a>.<\/li>\n<li><a href=\"https:\/\/foroalc2030.cepal.org\/2021\/es\/programa\" data-saferedirecturl=\"https:\/\/www.google.com\/url?q=https:\/\/foroalc2030.cepal.org\/2021\/es\/programa&amp;source=gmail&amp;ust=1615918387727000&amp;usg=AFQjCNHZgcwEM__l_sSFqNDBAkhH_7nDpQ\">Programa completo de la reuni\u00f3n<\/a>.<\/li>\n<\/ul>\n<p><strong>Qu\u00e9:<\/strong> Cuarta reuni\u00f3n del Foro de los Pa\u00edses de Am\u00e9rica Latina y el Caribe sobre el Desarrollo Sostenible.<\/p>\n<p><strong>Cu\u00e1ndo:<\/strong> Lunes 15 al jueves 18 de marzo, 2021.<\/p>\n<p><strong>Qui\u00e9nes:<\/strong><\/p>\n<p>Inauguraci\u00f3n, martes 16 de marzo de 2021, 08:00 a.m. de Costa Rica (GMT -6):<\/p>\n<ul>\n<li>Carlos Alvarado, Presidente de Costa Rica.<\/li>\n<li>Amina Mohammed, Vicesecretaria General de las Naciones Unidas.<\/li>\n<li>Munir Akram, Presidente del Consejo Econ\u00f3mico y Social (ECOSOC).<\/li>\n<li>Alicia B\u00e1rcena, Secretaria Ejecutiva de la CEPAL.<\/li>\n<\/ul>\n<p><strong>D\u00f3nde: <\/strong>conexi\u00f3n virtual a trav\u00e9s de diversas plataformas:<\/p>\n<ul>\n<li>Sitio web de la CEPAL <a href=\"http:\/\/www.cepal.org\" data-saferedirecturl=\"https:\/\/www.google.com\/url?q=http:\/\/www.cepal.org&amp;source=gmail&amp;ust=1615918387727000&amp;usg=AFQjCNHSmzrOOv8DCaY7i6HwZe6c4aVDjA\">www.cepal.org<\/a><\/li>\n<li>Sitio web <a href=\"https:\/\/live.cepal.org\/\" data-saferedirecturl=\"https:\/\/www.google.com\/url?q=https:\/\/live.cepal.org\/&amp;source=gmail&amp;ust=1615918387727000&amp;usg=AFQjCNEeUKeQ-2xpYHW6VkrpTGMEWMAk3Q\">https:\/\/live.cepal.org\/<\/a>.<\/li>\n<li>Cuenta oficial en Twitter <a href=\"https:\/\/twitter.com\/cepal_onu\" data-saferedirecturl=\"https:\/\/www.google.com\/url?q=https:\/\/twitter.com\/cepal_onu&amp;source=gmail&amp;ust=1615918387727000&amp;usg=AFQjCNEbd3c26D-e65JFszMHe0AvQ4liGw\">https:\/\/twitter.com\/cepal_onu<\/a><\/li>\n<li>Cuenta oficial en Facebook <a href=\"https:\/\/www.facebook.com\/cepal.onu\" data-saferedirecturl=\"https:\/\/www.google.com\/url?q=https:\/\/www.facebook.com\/cepal.onu&amp;source=gmail&amp;ust=1615918387727000&amp;usg=AFQjCNGuqfKkH_oRbqzfo3u0QFJSJAjNxg\">https:\/\/www.facebook.com\/cepal.onu<\/a><\/li>\n<\/ul>\n<p>Para consultas relacionadas con la cobertura period\u00edstica del evento, contactar en Santiago de Chile a la Unidad de Informaci\u00f3n P\u00fablica de la CEPAL. Correo electr\u00f3nico: <a href=\"mailto:prensa@cepal.org\">prensa@cepal.org<\/a>; tel\u00e9fono: (56) 22210 2040.<\/p>\n<p>S\u00edganos en: <a href=\"http:\/\/twitter.com\/cepal_onu\" data-saferedirecturl=\"https:\/\/www.google.com\/url?q=http:\/\/twitter.com\/cepal_onu&amp;source=gmail&amp;ust=1615918387727000&amp;usg=AFQjCNE37nS9ZkMzY8qzWjKfp1tUlzv0Tg\">Twitter<\/a>, <a href=\"http:\/\/www.facebook.com\/cepal.onu\" data-saferedirecturl=\"https:\/\/www.google.com\/url?q=http:\/\/www.facebook.com\/cepal.onu&amp;source=gmail&amp;ust=1615918387727000&amp;usg=AFQjCNGqYwV53DMOwhmJCFTNeCBbV0ZxGg\">Facebook<\/a>, <a href=\"http:\/\/www.flickr.com\/photos\/cepal\/\" data-saferedirecturl=\"https:\/\/www.google.com\/url?q=http:\/\/www.flickr.com\/photos\/cepal\/&amp;source=gmail&amp;ust=1615918387727000&amp;usg=AFQjCNF193Spt4h5TkAiMG9HQ49ZvKzjnw\">Flickr<\/a> y <a href=\"http:\/\/www.youtube.com\/cepalonu\" data-saferedirecturl=\"https:\/\/www.google.com\/url?q=http:\/\/www.youtube.com\/cepalonu&amp;source=gmail&amp;ust=1615918387727000&amp;usg=AFQjCNFaU89JV4JucIM0sMfnc4-01e9PsA\">YouTube<\/a><u>.<\/u><\/p>\n<p>Por Alessandro Bazzoni<\/p>\n","protected":false},"excerpt":{"rendered":"<p>Por Alessandro Bazzoni Los pa\u00edses de Am\u00e9rica Latina y el Caribe celebrar\u00e1n del 15 al 18 de marzo de 2021 la cuarta reuni\u00f3n del Foro sobre el Desarrollo Sostenible, en la que representantes de gobiernos, instituciones internacionales, sector privado, academia y sociedad civil revisar\u00e1n los avances y desaf\u00edos de la implementaci\u00f3n de la Agenda 2030 [&hellip;]<\/p>\n","protected":false},"author":2,"featured_media":9709,"comment_status":"closed","ping_status":"open","sticky":false,"template":"","format":"standard","meta":[],"categories":[146],"tags":[8606,1027],"wppr_data":{"cwp_meta_box_check":"No"},"_links":{"self":[{"href":"https:\/\/www.notaoficial.com\/s\/wp-json\/wp\/v2\/posts\/9708"}],"collection":[{"href":"https:\/\/www.notaoficial.com\/s\/wp-json\/wp\/v2\/posts"}],"about":[{"href":"https:\/\/www.notaoficial.com\/s\/wp-json\/wp\/v2\/types\/post"}],"author":[{"embeddable":true,"href":"https:\/\/www.notaoficial.com\/s\/wp-json\/wp\/v2\/users\/2"}],"replies":[{"embeddable":true,"href":"https:\/\/www.notaoficial.com\/s\/wp-json\/wp\/v2\/comments?post=9708"}],"version-history":[{"count":2,"href":"https:\/\/www.notaoficial.com\/s\/wp-json\/wp\/v2\/posts\/9708\/revisions"}],"predecessor-version":[{"id":9711,"href":"https:\/\/www.notaoficial.com\/s\/wp-json\/wp\/v2\/posts\/9708\/revisions\/9711"}],"wp:featuredmedia":[{"embeddable":true,"href":"https:\/\/www.notaoficial.com\/s\/wp-json\/wp\/v2\/media\/9709"}],"wp:attachment":[{"href":"https:\/\/www.notaoficial.com\/s\/wp-json\/wp\/v2\/media?parent=9708"}],"wp:term":[{"taxonomy":"category","embeddable":true,"href":"https:\/\/www.notaoficial.com\/s\/wp-json\/wp\/v2\/categories?post=9708"},{"taxonomy":"post_tag","embeddable":true,"href":"https:\/\/www.notaoficial.com\/s\/wp-json\/wp\/v2\/tags?post=9708"}],"curies":[{"name":"wp","href":"https:\/\/api.w.org\/{rel}","templated":true}]}}