{"id":9783,"date":"2021-03-28T08:32:20","date_gmt":"2021-03-28T12:32:20","guid":{"rendered":"https:\/\/www.notaoficial.com\/s\/?p=9783"},"modified":"2021-03-28T08:32:20","modified_gmt":"2021-03-28T12:32:20","slug":"fedecamaras-presento-programa-de-vacunacion-anti-covid-19-para-los-trabajadores-del-sector-privado","status":"publish","type":"post","link":"https:\/\/www.notaoficial.com\/s\/2021\/03\/28\/fedecamaras-presento-programa-de-vacunacion-anti-covid-19-para-los-trabajadores-del-sector-privado\/","title":{"rendered":"Fedec\u00e1maras present\u00f3 programa de vacunaci\u00f3n anti-covid-19 Para los trabajadores del sector privado"},"content":{"rendered":"<p>Por Alessandro Bazzoni<\/p>\n<p><strong>.-<\/strong> El sector privado nacional representado en la federaci\u00f3n de c\u00e1maras y asociaciones de comercio y producci\u00f3n de venezuela (fedec\u00e1maras), present\u00f3 al pa\u00eds y al Ejecutivo Nacional un programa de vacunaci\u00f3n anti-covid-19 para los trabajadores y sus familiares.<\/p>\n<p>FEDEC\u00c1MARAS con el apoyo de la empresa MEDITRON, la coordinaci\u00f3n de la Academia Nacional de Medicina y la asociaci\u00f3n M\u00e9dicos Unidos de Venezuela; en el mejor esp\u00edritu de colaboraci\u00f3n y compromiso con el pa\u00eds, est\u00e1n dispuestas a sumar esfuerzos para apoyar al sector salud, reforzar la capacidad de respuesta ante la pandemia y proporcionar a la poblaci\u00f3n venezolana, en especial a los trabajadores del sector privado y sus familias, la vacuna contra el COVID-19 a la mayor brevedad posible, para evitar m\u00e1s p\u00e9rdidas de vidas y lograr el mayor nivel de inmunidad colectiva que tanto demanda el pa\u00eds.<\/p>\n<p>El Programa de Vacunaci\u00f3n que present\u00f3 el gremio empresarial y que espera sea aprobado por el Ejecutivo Nacional, incluye la importaci\u00f3n, almacenaje, control y distribuci\u00f3n de las vacunas y materiales de bioseguridad. Se plantea su ejecuci\u00f3n a trav\u00e9s de la red de cien (100) centros de salud privados, sobre la base de una serie de condiciones necesarias, exigidas en el plan para alcanzar el objetivo planteado.<\/p>\n<p>La vacuna o vacunas ser\u00e1n las que apruebe el Ejecutivo Nacional. Seg\u00fan la Organizaci\u00f3n Mundial de Salud (OMS) hay, al menos, siete vacunas distintas que los pa\u00edses han empezado a administrar. El Programa contempla un primer lote de 6.000.000 de dosis (para vacunar a 3.000.000 de personas, si son 2 dosis o de 6.000.000 de personas, si es de 1 dosis), de las cuales 20% estar\u00e1 destinado a poblaciones m\u00e1s vulnerables determinadas por el Ejecutivo Nacional.<\/p>\n<p>Es importante resaltar que el Programa de Vacunaci\u00f3n no es con fines de comercializaci\u00f3n. La aplicaci\u00f3n de la vacuna ser\u00e1 gratuita para los trabajadores y dem\u00e1s beneficiarios, como compromiso y responsabilidad social empresarial. El costo de cada dosis no implica ganancia a ninguno de los actores de la cadena.<\/p>\n<p>Una vez logrado la adquisici\u00f3n de las vacunas, el proceso de importaci\u00f3n requiere que los permisos sean aprobados de forma expedita; tener los salvoconductos del personal y de los veh\u00edculos para poder circular y hacer la entrega a nivel nacional; disponer de acceso al suministro de gasolina; apoyo de los cuerpos de seguridad del estado para el traslado del material a nivel nacional y contar con las exoneraciones espec\u00edficas por la compra de insumos necesarios para llevar a cabo el proyecto.<\/p>\n<p>La prioridad en el proceso de vacunaci\u00f3n se realizar\u00e1 conforme a lo establecido por la Organizaci\u00f3n Mundial de la Salud y de las autoridades competentes venezolanas: iniciando con el sector salud, personas mayores a 55 a\u00f1os o con comorbilidad, personas mayores de 19 a 55 a\u00f1os con comorbilidad, personas con condiciones de vulnerabilidad, personas de 19 a 55 a\u00f1os no pertenecientes a los grupos anteriores.<\/p>\n<p>Partiendo de que es un programa voluntario por parte de las empresas, las que decidan participar suministrar\u00edan el censo de sus trabajadores y dem\u00e1s beneficiarios bajo un sistema de carga automatizado.<\/p>\n<p>El protocolo de colocaci\u00f3n de las vacunas ser\u00e1 desarrollado por la Academia Nacional de Medicina y la Red de Epidemiolog\u00eda, el cual ser\u00e1 de cumplimiento obligatorio en los centros de salud privado. El Programa incluye el seguimiento al comportamiento posterior a la aplicaci\u00f3n de la vacuna.<\/p>\n<p>Se garantizar\u00e1 la cadena de fr\u00edo en todo el proceso, desde la llegada de las vacunas hasta su distribuci\u00f3n en los centros de salud, y la conservaci\u00f3n hasta su aplicaci\u00f3n definitiva. Tambi\u00e9n se garantiza el control y seguimiento de las vacunas e insumos m\u00e9dicos despachados, teniendo la responsabilidad de certificar que los lotes distribuidos cumplieron con el proceso de conservaci\u00f3n y certificaci\u00f3n exigidas por las normas de calidad del fabricante.<\/p>\n<p>Se desarrollar\u00e1 una campa\u00f1a informativa dirigida a la poblaci\u00f3n, as\u00ed como a los centros de salud, para dar a conocer los protocolos, t\u00e9rminos, condiciones e informaciones necesarias para garantizar el desarrollo ordenado, eficiente y exitoso del Programa.<\/p>\n<p>El pa\u00eds requiere del esfuerzo conjunto de los sectores p\u00fablico-privado y de los actores fundamentales de la sociedad, y en especial la contribuci\u00f3n del sector salud, para garantizar que el proceso masivo de vacunaci\u00f3n, alcance niveles de inmunizaci\u00f3n suficiente para reducir el impacto de la enfermedad en la poblaci\u00f3n y mejorar su salud, lo cual, en definitiva, contribuir\u00e1 al levantamiento de la cuarentena y al restablecimiento de la normalidad en el pa\u00eds.<\/p>\n<p>Por Alessandro Bazzoni<\/p>\n","protected":false},"excerpt":{"rendered":"<p>Por Alessandro Bazzoni .- El sector privado nacional representado en la federaci\u00f3n de c\u00e1maras y asociaciones de comercio y producci\u00f3n de venezuela (fedec\u00e1maras), present\u00f3 al pa\u00eds y al Ejecutivo Nacional un programa de vacunaci\u00f3n anti-covid-19 para los trabajadores y sus familiares. FEDEC\u00c1MARAS con el apoyo de la empresa MEDITRON, la coordinaci\u00f3n de la Academia Nacional [&hellip;]<\/p>\n","protected":false},"author":2,"featured_media":9784,"comment_status":"closed","ping_status":"open","sticky":false,"template":"","format":"standard","meta":[],"categories":[146],"tags":[8606,8958,1368],"wppr_data":{"cwp_meta_box_check":"No"},"_links":{"self":[{"href":"https:\/\/www.notaoficial.com\/s\/wp-json\/wp\/v2\/posts\/9783"}],"collection":[{"href":"https:\/\/www.notaoficial.com\/s\/wp-json\/wp\/v2\/posts"}],"about":[{"href":"https:\/\/www.notaoficial.com\/s\/wp-json\/wp\/v2\/types\/post"}],"author":[{"embeddable":true,"href":"https:\/\/www.notaoficial.com\/s\/wp-json\/wp\/v2\/users\/2"}],"replies":[{"embeddable":true,"href":"https:\/\/www.notaoficial.com\/s\/wp-json\/wp\/v2\/comments?post=9783"}],"version-history":[{"count":1,"href":"https:\/\/www.notaoficial.com\/s\/wp-json\/wp\/v2\/posts\/9783\/revisions"}],"predecessor-version":[{"id":9785,"href":"https:\/\/www.notaoficial.com\/s\/wp-json\/wp\/v2\/posts\/9783\/revisions\/9785"}],"wp:featuredmedia":[{"embeddable":true,"href":"https:\/\/www.notaoficial.com\/s\/wp-json\/wp\/v2\/media\/9784"}],"wp:attachment":[{"href":"https:\/\/www.notaoficial.com\/s\/wp-json\/wp\/v2\/media?parent=9783"}],"wp:term":[{"taxonomy":"category","embeddable":true,"href":"https:\/\/www.notaoficial.com\/s\/wp-json\/wp\/v2\/categories?post=9783"},{"taxonomy":"post_tag","embeddable":true,"href":"https:\/\/www.notaoficial.com\/s\/wp-json\/wp\/v2\/tags?post=9783"}],"curies":[{"name":"wp","href":"https:\/\/api.w.org\/{rel}","templated":true}]}}