{"id":9792,"date":"2021-03-31T19:21:53","date_gmt":"2021-03-31T23:21:53","guid":{"rendered":"https:\/\/www.notaoficial.com\/s\/?p=9792"},"modified":"2021-03-31T19:21:53","modified_gmt":"2021-03-31T23:21:53","slug":"el-chef-emanuel-jimenez-lidera-la-gastronomia-boricua-de-lujo-en-miami","status":"publish","type":"post","link":"https:\/\/www.notaoficial.com\/s\/2021\/03\/31\/el-chef-emanuel-jimenez-lidera-la-gastronomia-boricua-de-lujo-en-miami\/","title":{"rendered":"El chef Emanuel Jim\u00e9nez lidera la gastronom\u00eda boricua de lujo en Miami"},"content":{"rendered":"<p>El chef Emanuel Jim\u00e9nez ha conseguido situar la gastronom\u00eda puertorrique\u00f1a en su escal\u00f3n m\u00e1s alto con su apuesta en Miami.<\/p>\n<p>\u00abQuiero honrar a la multicultura que define a Puerto Rico a trav\u00e9s de sus platos. Desde el mofongo hasta el sancocho, todos rinden homenaje a la fusi\u00f3n de culturas y sabores que caracterizan a las ra\u00edces de nuestra cocina. Ahora con un toque moderno de sofisticaci\u00f3n, pero siempre con el sabor aut\u00e9ntico boricua\u00bb, explic\u00f3 Jim\u00e9nez, chef ejecutivo y codue\u00f1o del restaurante 100&#215;35 Cocina con Ra\u00edces en Miami.<\/p>\n<p>Emanuel Jim\u00e9nez naci\u00f3 en Aibonito, en la Isla del Encanto. Se recuerda cocinando desde ni\u00f1o, porque sus dos abuelos eran cocineros y due\u00f1os de restaurantes. Estudi\u00f3 Artes Culinarias en el Instituto de Banca y Comercio, y en el ICPR Junior Collage. Gan\u00f3 el Premio Goya como Mejor Chef en dos ocasiones.<\/p>\n<p>\u00abA pesar de los premios, yo no quer\u00eda dedicarme a la cocina porque no me visualizaba con una carrera como chef. Pero, al trabajar como mesero en el restaurante Aviones, en Barranquitas, tuve que sustituir un d\u00eda a un cocinero y despu\u00e9s de aquello me qued\u00e9 en la cocina\u00bb, indica el chef.<\/p>\n<p>Al llegar a Estados Unidos, trabaj\u00f3 en uno de los restaurantes de Emilio Estefan hasta que se le present\u00f3 la oportunidad de ser chef ejecutivo y codue\u00f1o de 100&#215;35 Cocina con Ra\u00edces.<\/p>\n<p>\u00abEsta ha sido una experiencia incre\u00edble para m\u00ed. Al ser el primer restaurante de alta cocina puertorrique\u00f1a es frecuentado por muchas celebridades como Nicky Jam, Darell, El Guayna, Gilberto Santa Rosa y las chefs Johana Clavel y Patty Zerpa, entre otros\u00bb, a\u00f1adi\u00f3 Emanuel Jim\u00e9nez.<\/p>\n<p>Ahora considera que su misi\u00f3n es internacionalizar la comida puertorrique\u00f1a, preservando los sabores tradicionales, pero tambi\u00e9n innovando con toques de modernidad.<\/p>\n<p><a href=\"https:\/\/michelsuarez.us17.list-manage.com\/track\/click?u=ed4b953a69f2cd18e92677996&amp;id=41c1681850&amp;e=1bfa3b1820\" target=\"_blank\" rel=\"noopener\" data-saferedirecturl=\"https:\/\/www.google.com\/url?q=https:\/\/michelsuarez.us17.list-manage.com\/track\/click?u%3Ded4b953a69f2cd18e92677996%26id%3D41c1681850%26e%3D1bfa3b1820&amp;source=gmail&amp;ust=1617319013088000&amp;usg=AFQjCNEMBVQ1Scb85MYaA0_K1OQbXKCfdA\">https:\/\/100x35cocinaconraices.<wbr \/>com\/<\/a><br \/>\n<a href=\"https:\/\/michelsuarez.us17.list-manage.com\/track\/click?u=ed4b953a69f2cd18e92677996&amp;id=b900e570df&amp;e=1bfa3b1820\" target=\"_blank\" rel=\"noopener\" data-saferedirecturl=\"https:\/\/www.google.com\/url?q=https:\/\/michelsuarez.us17.list-manage.com\/track\/click?u%3Ded4b953a69f2cd18e92677996%26id%3Db900e570df%26e%3D1bfa3b1820&amp;source=gmail&amp;ust=1617319013088000&amp;usg=AFQjCNGGnngC-iifhWgRUIKfJeySpTy6Lw\">https:\/\/www.instagram.com\/<wbr \/>100&#215;35.cocinaconraices\/<\/a><\/p>\n<p>520 West Avenue, Miami Beach, Florida 33139, United States<br \/>\n305-763-8904<\/p>\n","protected":false},"excerpt":{"rendered":"<p>El chef Emanuel Jim\u00e9nez ha conseguido situar la gastronom\u00eda puertorrique\u00f1a en su escal\u00f3n m\u00e1s alto con su apuesta en Miami. \u00abQuiero honrar a la multicultura que define a Puerto Rico a trav\u00e9s de sus platos. Desde el mofongo hasta el sancocho, todos rinden homenaje a la fusi\u00f3n de culturas y sabores que caracterizan a las [&hellip;]<\/p>\n","protected":false},"author":2,"featured_media":9793,"comment_status":"closed","ping_status":"open","sticky":false,"template":"","format":"standard","meta":[],"categories":[146],"tags":[9390],"wppr_data":{"cwp_meta_box_check":"No"},"_links":{"self":[{"href":"https:\/\/www.notaoficial.com\/s\/wp-json\/wp\/v2\/posts\/9792"}],"collection":[{"href":"https:\/\/www.notaoficial.com\/s\/wp-json\/wp\/v2\/posts"}],"about":[{"href":"https:\/\/www.notaoficial.com\/s\/wp-json\/wp\/v2\/types\/post"}],"author":[{"embeddable":true,"href":"https:\/\/www.notaoficial.com\/s\/wp-json\/wp\/v2\/users\/2"}],"replies":[{"embeddable":true,"href":"https:\/\/www.notaoficial.com\/s\/wp-json\/wp\/v2\/comments?post=9792"}],"version-history":[{"count":1,"href":"https:\/\/www.notaoficial.com\/s\/wp-json\/wp\/v2\/posts\/9792\/revisions"}],"predecessor-version":[{"id":9794,"href":"https:\/\/www.notaoficial.com\/s\/wp-json\/wp\/v2\/posts\/9792\/revisions\/9794"}],"wp:featuredmedia":[{"embeddable":true,"href":"https:\/\/www.notaoficial.com\/s\/wp-json\/wp\/v2\/media\/9793"}],"wp:attachment":[{"href":"https:\/\/www.notaoficial.com\/s\/wp-json\/wp\/v2\/media?parent=9792"}],"wp:term":[{"taxonomy":"category","embeddable":true,"href":"https:\/\/www.notaoficial.com\/s\/wp-json\/wp\/v2\/categories?post=9792"},{"taxonomy":"post_tag","embeddable":true,"href":"https:\/\/www.notaoficial.com\/s\/wp-json\/wp\/v2\/tags?post=9792"}],"curies":[{"name":"wp","href":"https:\/\/api.w.org\/{rel}","templated":true}]}}