{"id":9795,"date":"2021-04-01T19:36:24","date_gmt":"2021-04-01T23:36:24","guid":{"rendered":"https:\/\/www.notaoficial.com\/s\/?p=9795"},"modified":"2021-04-01T19:36:24","modified_gmt":"2021-04-01T23:36:24","slug":"conecta2-llega-a-la-pantalla-de-cnn-en-espanol","status":"publish","type":"post","link":"https:\/\/www.notaoficial.com\/s\/2021\/04\/01\/conecta2-llega-a-la-pantalla-de-cnn-en-espanol\/","title":{"rendered":"Conecta2 llega a la pantalla de CNN en Espa\u00f1ol"},"content":{"rendered":"<p>Por Alessandro Bazzoni<\/p>\n<p>La noche de los s\u00e1bados se enciende en la pantalla de <strong>CNN en Espa\u00f1ol<\/strong>, con Mar\u00eda O\u00b4Donnell y Ernesto Tenembaum, conductores de un nuevo espacio producido por CNN desde Argentina para toda la regi\u00f3n a partir del s\u00e1bado 3 de abril.<\/p>\n<p><strong><em>Conectad2 <\/em><\/strong>se transmitir\u00e1 todos los s\u00e1bados a las 9 P.M. hora de Miami\/Caracas, con la participaci\u00f3n y el profesionalismo de corresponsales de CNN en toda la regi\u00f3n, encargados de un periodismo de investigaci\u00f3n con informes especiales, bajo la mirada de O\u00b4Donnell y Tenembaum.<\/p>\n<p>Mar\u00eda O\u00b4Donnell y Ernesto Tenembaum conversar\u00e1n sobre los principales acontecimientos de la actualidad, con entrevistas a invitados de relevancia en Argentina \u201cin studio\u201d, y con invitados internacionales, de manera remota.<\/p>\n<p><strong><em>Conecta2<\/em><\/strong> es un programa de actualidad, pol\u00edtica, de agenda, diferente, que abordar\u00e1 con una mirada audaz, inteligente, humana, tem\u00e1ticas sociales que atraviesan a todos los latinoamericanos, como\u00a0la vacunaci\u00f3n de privilegio, el regreso a clases presenciales, la inmigraci\u00f3n, la violencia de g\u00e9nero, el machismo y los derechos humanos, entre otros temas de inter\u00e9s para la regi\u00f3n.<\/p>\n<p><strong>Mar\u00eda O\u2019Donnell<\/strong> naci\u00f3 en New Haven, en el estado de Connecticut, Estados Unidos, pero vive en Argentina desde que era muy peque\u00f1a. Es periodista, escritora y polit\u00f3loga. Se inici\u00f3 como periodista en la redacci\u00f3n del diario P\u00e1gina 12 en 1992 y desde entonces ha trabajado en medios gr\u00e1ficos, radio y televisi\u00f3n, incluyendo el diario La Naci\u00f3n, del cual fue corresponsal en Washington entre 1999 y 2001. O\u2019Donnell es considerada una de las diez periodistas m\u00e1s respetadas de la Argentina, seg\u00fan una encuesta de la consultora Poliarqu\u00eda (2017), realizada entre 200 empresarios, periodistas, pol\u00edticos y acad\u00e9micos.<\/p>\n<p><strong>Ernesto Tenembaum,<\/strong> nacido en la ciudad de La Plata, Argentina, es periodista, licenciado en psicolog\u00eda, escritor, y presentador de radio y televisi\u00f3n. Es miembro del Consorcio Internacional de Periodistas de Investigaci\u00f3n con sede en Estados Unidos. Se desempe\u00f1\u00f3 en medios radiof\u00f3nicos, televisivos y digitales, conduciendo <em>Corea del Centro<\/em> en Net TV y <em>\u00bfY ahora qui\u00e9n podr\u00e1 ayudarnos?<\/em> en Radio con Vos. Tambi\u00e9n escribe en Infobae.com y colabora con El Pa\u00eds, de Espa\u00f1a.<\/p>\n<p><strong><em>Conecta2<\/em><\/strong> forma parte de una nueva propuesta de programaci\u00f3n que CNN en Espa\u00f1ol estrenar\u00e1 en abril, que ampliar\u00e1 la oferta informativa de la cadena los s\u00e1bados y ofrecer\u00e1 m\u00e1s noticias, temas de actualidad y los titulares de todo el mundo, con \u00e9nfasis especial en el contenido regional de Argentina y la regi\u00f3n.<\/p>\n<p><strong>CONECTA2<em>, el nuevo espacio de CNN en Espa\u00f1ol producido por CNN Argentina, a partir del 3 de abril, todos los s\u00e1bados\u00a0a las 9 P<\/em><\/strong><strong><em>.M. hora de Miami\/Caracas.<\/em><\/strong><\/p>\n<p><strong><u>Sobre CNN en Espa\u00f1ol<\/u><\/strong><br \/>\nLa cadena de noticias CNN en Espa\u00f1ol es responsable de varias plataformas multimedia dirigidas a audiencias de habla hispana en todo el mundo, que llega a 62 millones\u00a0de hogares incluyendo CNN en Espa\u00f1ol 24 horas de noticias por cable para Estados Unidos, M\u00e9xico, y Centro y Sudam\u00e9rica y el Caribe. Esto unido a CNNEspanol.com, CNN en Espa\u00f1ol Radio, CNN en Espa\u00f1ol en Twitter, Facebook e Instagram. La marca CNN en Espa\u00f1ol brinda una experiencia en m\u00faltiples plataformas a los hispanoparlantes en las Am\u00e9ricas<\/p>\n<p>Por Alessandro Bazzoni<\/p>\n","protected":false},"excerpt":{"rendered":"<p>Por Alessandro Bazzoni La noche de los s\u00e1bados se enciende en la pantalla de CNN en Espa\u00f1ol, con Mar\u00eda O\u00b4Donnell y Ernesto Tenembaum, conductores de un nuevo espacio producido por CNN desde Argentina para toda la regi\u00f3n a partir del s\u00e1bado 3 de abril. Conectad2 se transmitir\u00e1 todos los s\u00e1bados a las 9 P.M. hora [&hellip;]<\/p>\n","protected":false},"author":2,"featured_media":9796,"comment_status":"closed","ping_status":"open","sticky":false,"template":"","format":"standard","meta":[],"categories":[463,146],"tags":[8606,3641,9391],"wppr_data":{"cwp_meta_box_check":"No"},"_links":{"self":[{"href":"https:\/\/www.notaoficial.com\/s\/wp-json\/wp\/v2\/posts\/9795"}],"collection":[{"href":"https:\/\/www.notaoficial.com\/s\/wp-json\/wp\/v2\/posts"}],"about":[{"href":"https:\/\/www.notaoficial.com\/s\/wp-json\/wp\/v2\/types\/post"}],"author":[{"embeddable":true,"href":"https:\/\/www.notaoficial.com\/s\/wp-json\/wp\/v2\/users\/2"}],"replies":[{"embeddable":true,"href":"https:\/\/www.notaoficial.com\/s\/wp-json\/wp\/v2\/comments?post=9795"}],"version-history":[{"count":1,"href":"https:\/\/www.notaoficial.com\/s\/wp-json\/wp\/v2\/posts\/9795\/revisions"}],"predecessor-version":[{"id":9797,"href":"https:\/\/www.notaoficial.com\/s\/wp-json\/wp\/v2\/posts\/9795\/revisions\/9797"}],"wp:featuredmedia":[{"embeddable":true,"href":"https:\/\/www.notaoficial.com\/s\/wp-json\/wp\/v2\/media\/9796"}],"wp:attachment":[{"href":"https:\/\/www.notaoficial.com\/s\/wp-json\/wp\/v2\/media?parent=9795"}],"wp:term":[{"taxonomy":"category","embeddable":true,"href":"https:\/\/www.notaoficial.com\/s\/wp-json\/wp\/v2\/categories?post=9795"},{"taxonomy":"post_tag","embeddable":true,"href":"https:\/\/www.notaoficial.com\/s\/wp-json\/wp\/v2\/tags?post=9795"}],"curies":[{"name":"wp","href":"https:\/\/api.w.org\/{rel}","templated":true}]}}