{"id":9902,"date":"2021-04-25T13:54:25","date_gmt":"2021-04-25T17:54:25","guid":{"rendered":"https:\/\/www.notaoficial.com\/s\/?p=9902"},"modified":"2021-04-25T13:54:25","modified_gmt":"2021-04-25T17:54:25","slug":"ralphy-dreamz-portada-de-tropical-rising-de-spotify","status":"publish","type":"post","link":"https:\/\/www.notaoficial.com\/s\/2021\/04\/25\/ralphy-dreamz-portada-de-tropical-rising-de-spotify\/","title":{"rendered":"Ralphy Dreamz portada de Tropical Rising de Spotify"},"content":{"rendered":"<p align=\"justify\">A s\u00f3lo 3 d\u00edas del lanzamiento de su \u00e1lbum \u00ab\u00bfCazador o Presa?\u00bb, <strong>Ralphy Dreamz<\/strong> ha sido seleccionado por Spotify para ser la portada de la popular lista de reproducci\u00f3n <a href=\"https:\/\/sable.madmimi.com\/c\/28511?id=20510484.23617.1.71c66e18633fd3cfe4a229ed5715fec0\" target=\"_blank\" rel=\"noopener\" data-saferedirecturl=\"https:\/\/www.google.com\/url?q=https:\/\/sable.madmimi.com\/c\/28511?id%3D20510484.23617.1.71c66e18633fd3cfe4a229ed5715fec0&amp;source=gmail&amp;ust=1619459295348000&amp;usg=AFQjCNGrhVfjka57wZRgNehwedSXft-kUg\">Tropical Rising<\/a>.<\/p>\n<p align=\"justify\">\u00abLes doy las gracias a los editores, a mi equipo de trabajo pero tambi\u00e9n a los fans que les ha gustado este nuevo material musical\u00bb expres\u00f3 el artista representado mundialmente por <strong>Sandro Rosario<\/strong> de ParkEast Music.<\/p>\n<p align=\"justify\">La popular lista cuenta con casi un cuarto de mill\u00f3n de oyentes y es una de las favoritas del g\u00e9nero.<\/p>\n<p align=\"justify\">Ralphy Dreamz naci\u00f3 en 1995 en Brooklyn, Nueva York. Sus padres dominicanos que a trav\u00e9s de su amor por la m\u00fasica tradicional inspiraron en el deseo de convertirse en un artista de Bachata.<\/p>\n<p align=\"justify\">Criado en Perth Amboy, un peque\u00f1o pueblo de Nueva Jersey, persigui\u00f3 su pasi\u00f3n por la m\u00fasica a nivel de 16 a\u00f1os al tomar clases de guitarra en la Rep\u00fablica Dominicana. Despu\u00e9s de concentrarse en sus habilidades como guitarrista y cantante, forma su primera banda llamada \u00abBachata Dreamz\u00bb un a\u00f1o despu\u00e9s.<\/p>\n<p align=\"justify\">Durante su participaci\u00f3n en el grupo \u201cBachata Dreamz\u201d, Ralphy Dreamz hace que su grupo comience el proceso de grabaci\u00f3n en su propio estudio de casa. Grabaron muchas canciones y lanzaron r\u00e1pidamente al p\u00fablico que las abraz\u00f3. Al recibir esta gran aceptaci\u00f3n de los fan\u00e1ticos de su ciudad natal, actuamos en vivo en diferentes lugares y fiestas privadas. Esto es una gran experiencia como artista en vivo y animador.<\/p>\n<p align=\"justify\">A finales de 2013, Ralphy Dreamz decide mudarse de Florida con sus padres. Aqu\u00ed es donde comienza un nuevo viaje en la industria de la m\u00fasica.<\/p>\n<p align=\"justify\">Inici\u00f3 su carrera a los 18 a\u00f1os como solista y poco a poco fue dando forma a su propuesta de manera conjunta con otros talentos, pero el momento de Ralphy Dreamz llegar\u00eda tan s\u00f3lo unos a\u00f1os m\u00e1s adelante para hacer realidad una propuesta con la que est\u00e1 logrando abrir fronteras, enamorando pero tambi\u00e9n poniendo a bailar a ritmo de bachata a un amplio n\u00famero de personas.<\/p>\n<p align=\"justify\">Quien tiene en su repertorio trabajos como \u201cMe enamor\u00e9\u201d, \u201cRom\u00e1ntico\u201d, \u201cUltimo trago\u201d, \u201cNo lo esperes de m\u00ed\u201d \u201cSe Que Amarte\u201d el tema \u201cCelos\u201d que gan\u00f3 un amplio terreno entre otros m\u00e1s, ha manifestado que su mayor inspiraci\u00f3n fue \u201c<strong>El Chaval de la Bachata<\/strong>\u201d, al cual conoci\u00f3 por un disco en vivo que le regal\u00f3 un primo suyo, resaltando la forma de dirigirse al p\u00fablico y la manera en c\u00f3mo le correspond\u00edan, sin embargo es con <strong>Luis Vargas<\/strong> con quien le gustar\u00eda hacer un trabajo en conjunto, por lo que lo persigue a trav\u00e9s de las redes sociales.<\/p>\n<p align=\"justify\">El sue\u00f1o de ganarse a la fanaticada dominicana, poco a poco se ha ido haciendo realidad, la m\u00fasica de Ralphy ha encontrado un amplio nicho de p\u00fablico, a quien ahora busca conquistar con esta pieza cien por ciento bailable, enriquecida en acordes y arreglos musicales y que cobr\u00f3 vida bajo la direcci\u00f3n de <strong>Sandro Rosario<\/strong> de <strong>ParkEastMusic.<\/strong><\/p>\n","protected":false},"excerpt":{"rendered":"<p>A s\u00f3lo 3 d\u00edas del lanzamiento de su \u00e1lbum \u00ab\u00bfCazador o Presa?\u00bb, Ralphy Dreamz ha sido seleccionado por Spotify para ser la portada de la popular lista de reproducci\u00f3n Tropical Rising. \u00abLes doy las gracias a los editores, a mi equipo de trabajo pero tambi\u00e9n a los fans que les ha gustado este nuevo material [&hellip;]<\/p>\n","protected":false},"author":2,"featured_media":9903,"comment_status":"closed","ping_status":"open","sticky":false,"template":"","format":"standard","meta":[],"categories":[463,146],"tags":[9013,405],"wppr_data":{"cwp_meta_box_check":"No"},"_links":{"self":[{"href":"https:\/\/www.notaoficial.com\/s\/wp-json\/wp\/v2\/posts\/9902"}],"collection":[{"href":"https:\/\/www.notaoficial.com\/s\/wp-json\/wp\/v2\/posts"}],"about":[{"href":"https:\/\/www.notaoficial.com\/s\/wp-json\/wp\/v2\/types\/post"}],"author":[{"embeddable":true,"href":"https:\/\/www.notaoficial.com\/s\/wp-json\/wp\/v2\/users\/2"}],"replies":[{"embeddable":true,"href":"https:\/\/www.notaoficial.com\/s\/wp-json\/wp\/v2\/comments?post=9902"}],"version-history":[{"count":1,"href":"https:\/\/www.notaoficial.com\/s\/wp-json\/wp\/v2\/posts\/9902\/revisions"}],"predecessor-version":[{"id":9904,"href":"https:\/\/www.notaoficial.com\/s\/wp-json\/wp\/v2\/posts\/9902\/revisions\/9904"}],"wp:featuredmedia":[{"embeddable":true,"href":"https:\/\/www.notaoficial.com\/s\/wp-json\/wp\/v2\/media\/9903"}],"wp:attachment":[{"href":"https:\/\/www.notaoficial.com\/s\/wp-json\/wp\/v2\/media?parent=9902"}],"wp:term":[{"taxonomy":"category","embeddable":true,"href":"https:\/\/www.notaoficial.com\/s\/wp-json\/wp\/v2\/categories?post=9902"},{"taxonomy":"post_tag","embeddable":true,"href":"https:\/\/www.notaoficial.com\/s\/wp-json\/wp\/v2\/tags?post=9902"}],"curies":[{"name":"wp","href":"https:\/\/api.w.org\/{rel}","templated":true}]}}