{"id":9920,"date":"2021-04-27T06:36:02","date_gmt":"2021-04-27T10:36:02","guid":{"rendered":"https:\/\/www.notaoficial.com\/s\/?p=9920"},"modified":"2021-04-27T06:36:02","modified_gmt":"2021-04-27T10:36:02","slug":"fados-y-bossa-nova-para-celebrar-el-dia-mundial-de-la-lengua-portuguesa","status":"publish","type":"post","link":"https:\/\/www.notaoficial.com\/s\/2021\/04\/27\/fados-y-bossa-nova-para-celebrar-el-dia-mundial-de-la-lengua-portuguesa\/","title":{"rendered":"Fados y bossa nova para celebrar el D\u00eda Mundial de la Lengua Portuguesa"},"content":{"rendered":"<p>Entre sue\u00f1os y m\u00fasica para despertar los sentidos y la sensibilidad, as\u00ed celebrar\u00e1 Venezuela por segundo a\u00f1o consecutivo el D\u00eda Mundial de la Lengua Portuguesa, una fiesta global para enaltecer el acervo, la lengua, los valores y la visi\u00f3n del mundo de todo un pueblo que por siglos cruz\u00f3 los mares, para desembarcar con su cultura en puertos y territorios de cinco continentes.<\/p>\n<p>Este a\u00f1o, la cantante luso descendiente Iliana Goncalves ser\u00e1 la estrella de este concierto organizado por la Embajada de Portugal en Caracas, el Instituto Cam\u00f5es \u2013 Instituto da Coopera\u00e7\u00e3o e da L\u00edngua Portuguesa, la\u00a0Coordinaci\u00f3n de la Ense\u00f1anza de la Lengua Portuguesa (CEPE Venezuela) y el Correio da Venezuela, en colaboraci\u00f3n con la Fundaci\u00f3n Instituto Portugu\u00e9s de Cultura, Caixa Geral de Dep\u00f3sitos y la Asociaci\u00f3n Venezolana para la Ense\u00f1anza de la Lengua Portuguesa (AVELP).<\/p>\n<p>La trovadora Iliana Goncalves es reconocida por su versatilidad en el escenario, bien sea como solista o en ensambles como el sexteto Atapaima. En esta oportunidad, la int\u00e9rprete estar\u00e1 en directo desde Portugal acompa\u00f1ada por la guitarra de Daniel Luzardo; el bajista Ricardo Tirado y Julio C\u00e9sar Alcocer en la percusi\u00f3n. El cuarteto interpretar\u00e1\u00a0a autores lus\u00f3fonos, como Am\u00e1lia Rodrigues, Antonio Carlos Jobim, Caetano Veloso, entre otros.<\/p>\n<p>Los temas en portugu\u00e9s, aderezados con algunas sorpresas, prometen emocionar al p\u00fablico y hacerlo viajar desde la sonoridad de una lengua dulce y a\u00f1orante, por los paisajes recreados en las obras de los m\u00e1s destacados autores lus\u00f3fonos. El concierto se realizar\u00e1 el 5 de mayo, a las 7:00 pm (hora de Caracas) y se transmitir\u00e1 a trav\u00e9s de la plataforma Zoom, siendo retransmitido en tiempo real por las cuentas en redes sociales del CEPE y el Correio Da Venezuela.<\/p>\n<p>Este concierto forma parte de la programaci\u00f3n cultural que la Delegaci\u00f3n de la Uni\u00f3n Europea en Venezuela lleva a cabo anualmente con motivo del Mes de Europa. En esta ocasi\u00f3n, debido a la pandemia, la mayor\u00eda de las actividades volver\u00e1n a realizarse en l\u00ednea, estando invitados todos los venezolanos a participar desde sus casas en esta celebraci\u00f3n cultural que pronto se dar\u00e1 a conocer.<\/p>\n<p><strong>So\u00f1ando con Pessoa<\/strong><\/p>\n<p>La celebraci\u00f3n del D\u00eda Mundial de la Lengua en Venezuela tiene como tema\u00a0<em><strong>\u00abDe sonhar ningu\u00e9m se cansa\u00bb<\/strong><\/em>\u00a0&#8211; \u201cNadie se cansa de so\u00f1ar\u201d, una frase acu\u00f1ada por Fernando Pessoa en uno de sus libros m\u00e1s populares,\u00a0<em>Livro Do Desassossego<\/em>\u00a0(El libro del desasosiego). La selecci\u00f3n de las palabras del c\u00e9lebre poeta es oportuna, asegura el coordinador de la Ense\u00f1anza de la Lengua Portuguesa del Instituto Cam\u00f5es, el profesor\u00a0Rainer Sousa, quien afirma que as\u00ed como el idioma de sus ancestros es celebrado en el mundo por ser una \u201clengua universal que conecta distintas realidades, la capacidad de so\u00f1ar tambi\u00e9n es universal\u201d.<\/p>\n<p>\u201cTodos imaginamos un mundo mejor, en un escenario post pand\u00e9mico, en condiciones m\u00e1s justas. Tomamos el tema de nuestra celebraci\u00f3n de uno de nuestros poetas m\u00e1s universales, que reflexiona sobre la condici\u00f3n humana, la vida, el amor, la muerte y sobre la capacidad de so\u00f1ar. El repertorio seleccionado este a\u00f1o toca todos esos temas, llevando al oyente a que pueda tambi\u00e9n so\u00f1ar con nosotros\u201d, recalca el docente.<\/p>\n<p><strong>Un idioma con muchos pasaportes<\/strong><\/p>\n<p>El embajador de Portugal en Venezuela, Carlos de Sousa Amaro, afirm\u00f3 que \u201c<strong>en el a\u00f1o 2019, la Unesco declar\u00f3 el 5 de mayo como D\u00eda Mundial de Lengua Portuguesa, considerando que es hablada por m\u00e1s de 265 millones de personas y es el idioma m\u00e1s utilizado del hemisferio sur. El portugu\u00e9s es ahora la cuarta lengua m\u00e1s hablada del mundo y es el idioma oficial de 33 organizaciones internacionales, entre las que figuran la Uni\u00f3n Europea, la Uni\u00f3n Africana, la OEA, el Mercosur, entre otras. Adem\u00e1s de eso, se ense\u00f1a oficialmente en muchos pa\u00edses del mundo\u201d.<\/strong><\/p>\n<p>El portugu\u00e9s tiene presencia en cinco continentes y califica como una lengua pluric\u00e9ntrica, es decir, no tiene una norma \u00fanica y es hablada en una muy amplia zona geogr\u00e1fica. Es el idioma oficial de Angola, Brasil, Cabo Verde, Guinea-Bissau, Guinea Ecuatorial, Portugal, Santo Tom\u00e9 y Pr\u00edncipe, Mozambique, Timor del Este y Portugal. Adem\u00e1s, existen importantes comunidades de habla portuguesa en distintos puntos del globo terr\u00e1queo como Macao, Goa, Daman y Diu, en India; Batticaloa, en la costa este de Sri Lanka; la isla indonesia de Flores; Malacca; Malasia y el Principado de Luxemburgo.<\/p>\n<p>El portugu\u00e9s es considerado como el idioma de la primera globalizaci\u00f3n de la era moderna, siendo part\u00edcipe de un\u00a0<strong>\u201cgran encuentro de culturas y civilizaciones, convirti\u00e9ndose as\u00ed en la lengua de la reci\u00e9n creada econom\u00eda mundial y del flujo bidireccional de ideas, filosof\u00edas y productos culturales. El portugu\u00e9s dej\u00f3 su huella, directa e indirectamente, en numerosas otras lenguas de todo el mundo, y tambi\u00e9n recibi\u00f3 la influencia de muchas de ellas, trayendo consigo nuevas palabras, que mientras tanto fueron adoptadas por otras lenguas, concretamente las europeas\u201d<\/strong>, resume el documento de la Unesco sobre la proclamaci\u00f3n del D\u00eda Mundial de la Lengua Portuguesa.<\/p>\n<p>El profesor Rainer Sousa tambi\u00e9n recuerda que la posici\u00f3n del portugu\u00e9s en el mundo tiene antecedentes hist\u00f3ricos que se remontan al a\u00f1o 1415, cuando los portugueses conquistaron la ciudad de Ceuta, en el norte de \u00c1frica, desde donde se extendi\u00f3 a otras regiones del mundo.<\/p>\n<p>\u201cDesde Ceuta, el portugu\u00e9s se va expandiendo por todos los continentes, volvi\u00e9ndose lengua franca en los oc\u00e9anos y en territorios donde las comunidades locales lo conoc\u00edan y lo hablaban porque \u00e9ste permit\u00eda la comunicaci\u00f3n con otros exploradores europeos. Hay documentos que aseguran que en los siglos XVI y XVII, mercaderes y hombres de mar de nacionalidad espa\u00f1ola, holandesa, inglesa y francesa aprend\u00edan un portugu\u00e9s b\u00e1sico para hacerse entender en determinadas localidades del sur de Asia y de la costa africana volteada hacia el \u00cdndico, etc\u00e9tera\u201d, explic\u00f3.<\/p>\n<p><strong>Hablar portugu\u00e9s en Venezuela<\/strong><\/p>\n<p><strong>Para Venezuela, festejar la proclamaci\u00f3n del D\u00eda Mundial de la Lengua Portuguesa por parte de la Unesco es una ocasi\u00f3n cargada de profunda relevancia<\/strong>, debido a que el portugu\u00e9s y el espa\u00f1ol son lenguas hermanas y pr\u00f3ximas. En el territorio venezolano hay una amplia comunidad portuguesa que data de los tiempos de la Colonia, y que ha dejado una profunda huella en la cultura del pa\u00eds. Tambi\u00e9n porque Venezuela comparte frontera con Brasil, el mayor pa\u00eds lusohablante del mundo, puntualiz\u00f3 el coordinador de la Ense\u00f1anza de la Lengua Portuguesa del Instituto Cam\u00f5es.<\/p>\n<p>El profesor Sousa tambi\u00e9n afirma que\u00a0<strong>\u201cVenezuela quiere hablar portugu\u00e9s\u201d<\/strong>, por ello se esmeran en formar un cuerpo docente para cubrir la demanda \u201cque seguir\u00e1 creciendo en los pr\u00f3ximos a\u00f1os\u201d. La Coordinaci\u00f3n para la Ense\u00f1anza del Portugu\u00e9s en Venezuela funciona en la Embajada de Portugal, en Caracas, y tiene como responsabilidad la difusi\u00f3n del idioma en el pa\u00eds, donde hay cada vez m\u00e1s escuelas interesadas en que sus alumnos aprendan portugu\u00e9s.<\/p>\n<p>De acuerdo con Sousa, el inter\u00e9s por esta lengua se ha ido imponiendo como una alternativa de aprendizaje de\u00a0<strong>\u201cotro idioma extranjero\u201d.<\/strong>\u00a0\u201cLa Coordinaci\u00f3n ha trabajado en los \u00faltimos dos a\u00f1os para que ese inter\u00e9s vaya en aumento y que la comunidad educativa vea las ventajas de aprender una lengua que es cercana al castellano y que ofrece m\u00faltiples ventajas en el mundo globalizado de la actualidad\u201d, remarca el docente.<\/p>\n<p>La pandemia de Covid-19 no ha sido un impedimento para avanzar en la ense\u00f1anza y difusi\u00f3n del portugu\u00e9s en el territorio venezolano. Rainer Sousa sostiene que han debido superar varios desaf\u00edos y les \u201cha ido muy bien\u201d. La Coordinaci\u00f3n para la Ense\u00f1anza (CEPE) ha apoyado a los docentes organizando formaciones a distancia con especialistas sobre la instrucci\u00f3n en l\u00ednea.<\/p>\n<p>\u201cLa pandemia ha impulsado a profesores, asociaciones lusas y otras instituciones a crear sus plataformas, con sus propios contenidos en la difusi\u00f3n del idioma en Venezuela. Es el caso de la Fundaci\u00f3n Cam\u00f5es de Valencia, en Carabobo, la cual cre\u00f3 su propia p\u00e1gina web y de otras m\u00e1s que, \u00a0usando los recursos de internet como Google Classroom, Zoom, Google Meet, Moodle, etc., siguen adelante con sus clases\u201d, ejemplific\u00f3 el profesor.<\/p>\n<p><strong>No hace falta saber el idioma para disfrutar del concierto con Iliana Goncalves el 5 de mayo, a las 7:00 pm, por la celebraci\u00f3n del D\u00eda Mundial de la Lengua Portuguesa, ya que el lenguaje de la m\u00fasica y la selecci\u00f3n de autores prometen una jornada inolvidable de ritmo y poes\u00eda.<\/strong>\u00a0El encuentro musical se transmitir\u00e1 a trav\u00e9s de\u00a0<em>Zoom<\/em>. Las personas interesadas en participar en el encuentro musical por esta plataforma, deben tener la aplicaci\u00f3n descargada y registrarse en el siguiente enlace:<\/p>\n<p><a href=\"https:\/\/venezuelasinfonica.us12.list-manage.com\/track\/click?u=08a17eb35d58011ffe94d975f&amp;id=1ab5080adb&amp;e=198c866098\" target=\"_blank\" rel=\"noopener\" data-saferedirecturl=\"https:\/\/www.google.com\/url?q=https:\/\/venezuelasinfonica.us12.list-manage.com\/track\/click?u%3D08a17eb35d58011ffe94d975f%26id%3D1ab5080adb%26e%3D198c866098&amp;source=gmail&amp;ust=1619605154015000&amp;usg=AFQjCNE06ag7mZ9TuSXvdb8a95Jy5kGZow\">http:\/\/bit.ly\/<wbr \/>diamundialdelalenguaportuguesa<\/a><\/p>\n<p>Otras opciones para ver el concierto son las retrasmisiones simult\u00e1neas mediante los canales de\u00a0<strong>YouTube Coordena\u00e7\u00e3o de Ensino Portugu\u00eas no Estrangeiro Vzla<\/strong>\u00a0y\u00a0<strong>Correio Da Venezuela<\/strong>, el sitio de\u00a0<strong>Facebook cepe.vzla<\/strong>\u00a0y\u00a0<strong>Correio da Venezuela<\/strong>, la cuenta de\u00a0twitter\u00a0<strong>@CepeVzla<\/strong>\u00a0\u00a0y de\u00a0<strong>Instagram @cepe.vzla.\u00a0<\/strong><\/p>\n","protected":false},"excerpt":{"rendered":"<p>Entre sue\u00f1os y m\u00fasica para despertar los sentidos y la sensibilidad, as\u00ed celebrar\u00e1 Venezuela por segundo a\u00f1o consecutivo el D\u00eda Mundial de la Lengua Portuguesa, una fiesta global para enaltecer el acervo, la lengua, los valores y la visi\u00f3n del mundo de todo un pueblo que por siglos cruz\u00f3 los mares, para desembarcar con su [&hellip;]<\/p>\n","protected":false},"author":2,"featured_media":9921,"comment_status":"closed","ping_status":"open","sticky":false,"template":"","format":"standard","meta":[],"categories":[463,2],"tags":[9420],"wppr_data":{"cwp_meta_box_check":"No"},"_links":{"self":[{"href":"https:\/\/www.notaoficial.com\/s\/wp-json\/wp\/v2\/posts\/9920"}],"collection":[{"href":"https:\/\/www.notaoficial.com\/s\/wp-json\/wp\/v2\/posts"}],"about":[{"href":"https:\/\/www.notaoficial.com\/s\/wp-json\/wp\/v2\/types\/post"}],"author":[{"embeddable":true,"href":"https:\/\/www.notaoficial.com\/s\/wp-json\/wp\/v2\/users\/2"}],"replies":[{"embeddable":true,"href":"https:\/\/www.notaoficial.com\/s\/wp-json\/wp\/v2\/comments?post=9920"}],"version-history":[{"count":1,"href":"https:\/\/www.notaoficial.com\/s\/wp-json\/wp\/v2\/posts\/9920\/revisions"}],"predecessor-version":[{"id":9922,"href":"https:\/\/www.notaoficial.com\/s\/wp-json\/wp\/v2\/posts\/9920\/revisions\/9922"}],"wp:featuredmedia":[{"embeddable":true,"href":"https:\/\/www.notaoficial.com\/s\/wp-json\/wp\/v2\/media\/9921"}],"wp:attachment":[{"href":"https:\/\/www.notaoficial.com\/s\/wp-json\/wp\/v2\/media?parent=9920"}],"wp:term":[{"taxonomy":"category","embeddable":true,"href":"https:\/\/www.notaoficial.com\/s\/wp-json\/wp\/v2\/categories?post=9920"},{"taxonomy":"post_tag","embeddable":true,"href":"https:\/\/www.notaoficial.com\/s\/wp-json\/wp\/v2\/tags?post=9920"}],"curies":[{"name":"wp","href":"https:\/\/api.w.org\/{rel}","templated":true}]}}