{"id":9979,"date":"2021-05-10T20:06:08","date_gmt":"2021-05-11T00:06:08","guid":{"rendered":"https:\/\/www.notaoficial.com\/s\/?p=9979"},"modified":"2021-05-10T20:06:08","modified_gmt":"2021-05-11T00:06:08","slug":"sociedad-anticancerosa-inicio-campana-antitabaco-para-celebrar-el-dia-mundial-de-no-fumar","status":"publish","type":"post","link":"https:\/\/www.notaoficial.com\/s\/2021\/05\/10\/sociedad-anticancerosa-inicio-campana-antitabaco-para-celebrar-el-dia-mundial-de-no-fumar\/","title":{"rendered":"Sociedad Anticancerosa inici\u00f3 campa\u00f1a antitabaco para celebrar el D\u00eda Mundial de No Fumar"},"content":{"rendered":"<p>Por Alessandro Bazzoni<\/p>\n<p>\u201cComprom\u00e9tete a dejarlo durante la Covid-19\u201d es la campa\u00f1a\u00a0 de la Organizaci\u00f3n Mundial de la Salud (OMS) para el <strong>D\u00eda Mundial sin Tabaco<\/strong> 2021 y que la <strong>Sociedad Anticancerosa de Venezuela<\/strong> desarrollar\u00e1 a lo largo de este mes para prevenir enfermedades como el c\u00e1ncer de pulm\u00f3n.<\/p>\n<p>Esta <strong>jornada informativa, educativa y de concientizaci\u00f3n<\/strong> promovida por el ente internacional persigue apoyar a 100 millones de personas en todo el mundo en su intento de dejar el tabaco a trav\u00e9s de diversas iniciativas y soluciones digitales.<\/p>\n<p>Aprovechando la <strong>pandemia<\/strong> y los cambios profundos que est\u00e1 teniendo en nosotros, la <strong>OMS<\/strong> ha decidido darle este enfoque considerando que hoy, m\u00e1s que nunca, la <strong>salud<\/strong> es un valor primordial, y de nosotros depende alejarnos de todas esas pr\u00e1cticas que nos contaminan y predisponen a contraer enfermedades de cierta gravedad.<\/p>\n<p><strong>Cifras para ocuparnos a reducir el consumo de tabaco <\/strong><\/p>\n<p>Seg\u00fan los registros recientes de la Organizaci\u00f3n Mundial de la Salud (OMS) se estima <strong>1.300 millones de consumidores de tabaco en el planeta<\/strong>.<\/p>\n<p>El consumo del tabaco cobra anualmente la vida de unos 8 millones de personas, de los cuales, 7 millones son fumadores activos, mientras que el resto son afectados por respirar el humo de los fumadores.<\/p>\n<p>La mitad de los fumadores fallecen debido a una enfermedad causada por el tabaco, perdiendo un promedio de 10 a 15 a\u00f1os de vida.<\/p>\n<p><strong>La incidencia y mortalidad de c\u00e1ncer de pulm\u00f3n est\u00e1 determinada en un 80% por el consumo de tabaco<\/strong>.<\/p>\n<p>Adem\u00e1s, la mortalidad atribuible al consumo de tabaco en la regi\u00f3n representa el 16% de las defunciones por enfermedades cardiovasculares, el 25% por c\u00e1ncer y m\u00e1s de la mitad (52%) por enfermedades cr\u00f3nicas respiratorias.<\/p>\n<p>El consumo del tabaco es adem\u00e1s un factor de riesgo\u00a0 importante de <strong>enfermedades no transmisibles<\/strong> (ENT), como las enfermedades cardiovasculares, el c\u00e1ncer, algunas enfermedades respiratorias y la diabetes.<\/p>\n<p>Las personas que padecen esas enfermedades tienen un mayor riesgo de desarrollar s\u00edntomas graves en caso de verse afectadas por la <strong>COVID-19<\/strong>.<\/p>\n<p>Los ni\u00f1os y adolescentes que utilizan <strong>cigarrillos electr\u00f3nicos<\/strong> tienen al menos el doble de probabilidades de fumar cigarrillos m\u00e1s tarde en su vida.<\/p>\n<p>En Venezuela, el <strong>Estudio de Pron\u00f3stico de Mortalidad e Incidencia de la SAV<\/strong> registr\u00f3 4592 decesos y 5049 nuevos casos en hombres y mujeres.<\/p>\n<p><strong>La prevenci\u00f3n sigue siendo un factor clave<\/strong><\/p>\n<p>A juicio del gerente general de la Sociedad Anticancerosa de Venezuela, <strong>Dr. Juan Saavedra<\/strong>, el <strong>c\u00e1ncer de pulm\u00f3n<\/strong> representa uno de los m\u00e1s frecuentes en nuestro pa\u00eds, ocupando el quinto lugar en las estad\u00edsticas nacionales.<\/p>\n<p>\u201cParad\u00f3jicamente, &#8211; a\u00f1adi\u00f3- es tambi\u00e9n uno de los m\u00e1s prevenibles. <strong>Con solo dejar de fumar<\/strong> y cuidarnos del humo tab\u00e1quico de los dem\u00e1s, estar\u00edamos evit\u00e1ndolo en gran medida\u201d.<\/p>\n<p>Precis\u00f3 el galeno que en tiempo de pandemia es crucial <strong>tomar la decisi\u00f3n de dejar el cigarrillo<\/strong>. \u201cYa que, al deteriorar la funci\u00f3n pulmonar, dificulta que el cuerpo luche contra esta y otras enfermedades. Adem\u00e1s, est\u00e1 comprobado que los fumadores tienen m\u00e1s probabilidades de desarrollar s\u00edntomas graves en caso de padecer COVID-19, en comparaci\u00f3n con los no fumadores\u201d.<\/p>\n<p>De ah\u00ed que la SAV ha organizado a lo largo de este mes una serie de actividades como\u00a0 <strong>una campa\u00f1a informativa en sus redes sociales, charlas, foro chats, entrevistas con especialistas y webinars<\/strong> a fin de orientar\u00a0 y concientizar a la poblaci\u00f3n sobre los peligros de este h\u00e1bito tan costoso y destructivo para la salud.<\/p>\n<p>#diamundialdenofumar<\/p>\n<p>#d\u00edamundialsintabaco<\/p>\n<p>#dilenoaltabaco<\/p>\n<p>#diadenofumar<\/p>\n<p>#tabacoycovid<\/p>\n<p>#prevencioncancer<\/p>\n<p>#vaper<\/p>\n<p>#cigarrilloselectronicos<\/p>\n<p>#c\u00e1ncerdepulm\u00f3n<\/p>\n<p>#OMS<\/p>\n<p>#UICC<\/p>\n<p>#comprom\u00e9teteadejarlo<\/p>\n<p>#oncolog\u00eda<\/p>\n<p>#neumonolog\u00eda<\/p>\n<p>#j\u00f3venesfumadores<\/p>\n<p>@sociedadanticancerosazla<\/p>\n<p>@santicancerosa<\/p>\n<p>Por Alessandro Bazzoni<\/p>\n","protected":false},"excerpt":{"rendered":"<p>Por Alessandro Bazzoni \u201cComprom\u00e9tete a dejarlo durante la Covid-19\u201d es la campa\u00f1a\u00a0 de la Organizaci\u00f3n Mundial de la Salud (OMS) para el D\u00eda Mundial sin Tabaco 2021 y que la Sociedad Anticancerosa de Venezuela desarrollar\u00e1 a lo largo de este mes para prevenir enfermedades como el c\u00e1ncer de pulm\u00f3n. Esta jornada informativa, educativa y de [&hellip;]<\/p>\n","protected":false},"author":2,"featured_media":9980,"comment_status":"closed","ping_status":"open","sticky":false,"template":"","format":"standard","meta":[],"categories":[146],"tags":[8606,1385,1384],"wppr_data":{"cwp_meta_box_check":"No"},"_links":{"self":[{"href":"https:\/\/www.notaoficial.com\/s\/wp-json\/wp\/v2\/posts\/9979"}],"collection":[{"href":"https:\/\/www.notaoficial.com\/s\/wp-json\/wp\/v2\/posts"}],"about":[{"href":"https:\/\/www.notaoficial.com\/s\/wp-json\/wp\/v2\/types\/post"}],"author":[{"embeddable":true,"href":"https:\/\/www.notaoficial.com\/s\/wp-json\/wp\/v2\/users\/2"}],"replies":[{"embeddable":true,"href":"https:\/\/www.notaoficial.com\/s\/wp-json\/wp\/v2\/comments?post=9979"}],"version-history":[{"count":1,"href":"https:\/\/www.notaoficial.com\/s\/wp-json\/wp\/v2\/posts\/9979\/revisions"}],"predecessor-version":[{"id":9981,"href":"https:\/\/www.notaoficial.com\/s\/wp-json\/wp\/v2\/posts\/9979\/revisions\/9981"}],"wp:featuredmedia":[{"embeddable":true,"href":"https:\/\/www.notaoficial.com\/s\/wp-json\/wp\/v2\/media\/9980"}],"wp:attachment":[{"href":"https:\/\/www.notaoficial.com\/s\/wp-json\/wp\/v2\/media?parent=9979"}],"wp:term":[{"taxonomy":"category","embeddable":true,"href":"https:\/\/www.notaoficial.com\/s\/wp-json\/wp\/v2\/categories?post=9979"},{"taxonomy":"post_tag","embeddable":true,"href":"https:\/\/www.notaoficial.com\/s\/wp-json\/wp\/v2\/tags?post=9979"}],"curies":[{"name":"wp","href":"https:\/\/api.w.org\/{rel}","templated":true}]}}