{"id":9982,"date":"2021-05-11T19:20:19","date_gmt":"2021-05-11T23:20:19","guid":{"rendered":"https:\/\/www.notaoficial.com\/s\/?p=9982"},"modified":"2021-05-11T19:20:19","modified_gmt":"2021-05-11T23:20:19","slug":"el-paternalismo-deja-paso-a-la-humanizacion-en-el-abordaje-del-dolor","status":"publish","type":"post","link":"https:\/\/www.notaoficial.com\/s\/2021\/05\/11\/el-paternalismo-deja-paso-a-la-humanizacion-en-el-abordaje-del-dolor\/","title":{"rendered":"El paternalismo deja paso a la humanizaci\u00f3n en el abordaje del dolor"},"content":{"rendered":"<p>Por Alessandro Bazzoni<\/p>\n<p>El abordaje del <b>dolor<\/b> debe comprender no s\u00f3lo la parte biol\u00f3gica, sino centrarse en los componentes psico-sociales e incluso espirituales, una particularidad que otorga especial relevancia a la humanizaci\u00f3n de la atenci\u00f3n sanitaria. Por ejemplo, la comunicaci\u00f3n profesional sanitario-paciente emp\u00e1tica, en la que se tenga en cuenta sus necesidades, sus preferencias y su valoraci\u00f3n.<\/p>\n<p>Alrededor de esta premisa ha surgido el proyecto <b><i>\u201c<\/i><\/b><a href=\"http:\/\/www.fundacionhumans.com\/publicaciones\/informes\/\"><b><i>Dimensiones en la humanizaci\u00f3n de la atenci\u00f3n a la persona con dolor cr\u00f3nico<\/i><\/b><\/a><b><i>\u201d<\/i><\/b>. Esta iniciativa, liderada por la <b>Fundaci\u00f3n Humans<\/b> y <b>Gr\u00fcnenthal Pharma, <\/b>ahonda tanto en el punto de vista de los expertos cl\u00ednicos como en el de los pacientes, para identificar las dimensiones de la humanizaci\u00f3n m\u00e1s relevantes en el abordaje del dolor cr\u00f3nico que sirven para orientar la toma de decisiones. El documento resultante del estudio deja constancia de que el paternalismo propio de la atenci\u00f3n sanitaria de antes, deja paso a un futuro m\u00e1s humano en cuanto al abordaje del dolor en Espa\u00f1a.<\/p>\n<p>Este proyecto se ha presentado hoy a trav\u00e9s de un <a href=\"https:\/\/www.youtube.com\/watch?v=finLLwKFklU\">evento virtual<\/a> en el que han participado tanto profesionales sanitarios como pacientes. Durante el mismo, el <b>Dr. Julio Zarco<\/b>, presidente de la Fundaci\u00f3n Humans, ha hecho hincapi\u00e9 en la necesidad de identificar las dimensiones de la humanizaci\u00f3n m\u00e1s relevantes en el abordaje del dolor cr\u00f3nico para orientar la toma de decisiones: <i>\u201cEn vista del elevado n\u00famero de personas afectadas por dolor cr\u00f3nico y de la dificultad para llevar a cabo un abordaje efectivo, es imperativo actuar de forma consecuente para ofrecerles una mejor atenci\u00f3n\u201d,<\/i> ha afirmado.<\/p>\n<p>En este sentido, la <b>Dra. Blanca Fern\u00e1ndez-Lasquetty<\/b>, enfermera, patrono de la Fundaci\u00f3n Humans y una de las coordinadoras del proyecto, ha explicado que las personas que viven con dolor cr\u00f3nico ven afectada su vida en conjunto, el dolor tiene impacto en todas sus esferas, en el desempe\u00f1o de sus actividades diarias, en su trabajo, en sus relaciones personales, en el desempe\u00f1o de su rol, su ocio, su descanso, etc. Por este motivo, la humanizaci\u00f3n debe entenderse como una atenci\u00f3n a sus necesidades interdisciplinar, integral, continuada e individualizada: \u201c<i>Necesitan una atenci\u00f3n hol\u00edstica, entendiendo a la persona y su familia como un binomio indivisible y \u00fanico. De esto va la humanizaci\u00f3n\u201d<\/i>.<\/p>\n<p>En esta misma l\u00ednea, se ha mostrado la <b>Dra. Concha P\u00e9rez<\/b>, jefa de la Unidad del Dolor del Hospital Universitario de La Princesa y coordinadora tambi\u00e9n del proyecto, quien ha destacado el importante papel de los profesionales sanitarios en la atenci\u00f3n humanizada: <i>\u201cPara el paciente puede ser m\u00e1s importe recibir una atenci\u00f3n personalizada y humana que el hecho de tener que esperar m\u00e1s o menos para entrar en consulta\u201d<\/i>. En su opini\u00f3n, todav\u00eda queda mucho por hacer: <i>\u201cAlgunas comunidades aut\u00f3nomas empiezan a implantar planes de humanizaci\u00f3n, pero se necesita que se extiendan a todas las comunidades y que se materialicen en un plan nacional de humanizaci\u00f3n que nos implique a todos y que, adem\u00e1s, logre penetrar en instituciones y personas con dolor\u201d<\/i>.<\/p>\n<p>Para la <b>Dra P\u00e9rez<\/b>, es llamativo que la sociedad siga reclamando la integraci\u00f3n del aspecto emocional en el abordaje del dolor cuando el propio dolor no puede desligarse de las emociones. En ese sentido, esta profesional defiende que una asistencia m\u00e1s humana logra tambi\u00e9n mejores resultados en los tratamientos y en la convivencia con el dolor.<\/p>\n<p>Sin embargo, no todo est\u00e1 en manos de la Administraci\u00f3n y los profesionales sanitarios, en palabras de la <b>Dra Fern\u00e1ndez-Lasquetty<\/b>, la humanizaci\u00f3n no es de sentido \u00fanico profesional-paciente, la humanizaci\u00f3n la conseguimos entre todos: <i>\u201cEn este proyecto hemos trabajado con ellos, con las personas que conviven con dolor cr\u00f3nico y ellos mismos nos dec\u00edan que eran conscientes de que deb\u00edan implicarse m\u00e1s en la gesti\u00f3n de su enfermedad\u201d<\/i>.<\/p>\n<p>Por su parte, la <b>Dra. Paloma Casado<\/b>, experta en gesti\u00f3n sanitaria y coordinadora asimismo del proyecto, ha asegurado que cuando se habla de humanizaci\u00f3n, es muy dif\u00edcil identificar las dimensiones que integran este concepto, c\u00f3mo medirlas y, sobre todo, con qu\u00e9 herramientas contar para conseguir mejorar y aportar valor a las personas que conviven d\u00eda a d\u00eda con el dolor cr\u00f3nico. Por ello, \u201c<i>el objetivo de este proyecto ha sido identificar y explicitar esas dimensiones, y cuales cobran m\u00e1s importancia tanto para los profesionales como para los pacientes y sus familiares, intentando conjugar ambos puntos de vista en un dec\u00e1logo esencial que integra ambos. Se exponen adem\u00e1s en cada punto sugerencias y acciones a implementar a todos los niveles de gesti\u00f3n, macro meso y micro, para ofrecer una atenci\u00f3n m\u00e1s humanizada a las personas con dolor cr\u00f3nico\u201d.\u00a0<\/i><\/p>\n<p>Por su parte, <b>Javier Mart\u00ednez<\/b>, director de Relaciones Institucionales, Precio y Acceso al Mercado en Gr\u00fcnenthal Pharma, ha se\u00f1alado que \u201c<i>al hablar de c\u00f3mo afecta el dolor cr\u00f3nico a las personas que lo sufren, es imposible no tener en cuenta su entorno, sus emociones y sus relaciones sociales. Por ello, desde Gr\u00fcnenthal nos alegra poder colaborar con la Fundaci\u00f3n Humans en un proyecto que busca mejorar la experiencia del dolor desde una visi\u00f3n m\u00e1s humanizada\u201d.<\/i><\/p>\n<p>Este Proyecto nace de la necesidad de hacer m\u00e1s f\u00e1cil y mejor la vida de las personas con dolor cr\u00f3nico. <i>\u201cProfesionales, gestores, pacientes, industria, todos entend\u00edamos que deb\u00edamos trabajar juntos para tratar de identificar todos esos aspectos que se pueden mejorar en la atenci\u00f3n a la salud de estas personas y esto solo lo pod\u00edamos hacer escuch\u00e1ndolos, entendi\u00e9ndolos y buscando estrategias de mejora entre todos\u201d,<\/i> ha aclarado la <b>Dra Fern\u00e1ndez-Lasquetty.<\/b><\/p>\n<p><b>Fundaci\u00f3n Humans<\/b><\/p>\n<p>La Fundaci\u00f3n Humans es una fundaci\u00f3n constituida en 2017 por profesionales e instituciones del mundo sociosanitario, cuyo objetivo principal es facilitar los procesos de Humanizaci\u00f3n en las organizaciones sanitarias, en las actitudes profesionales y en los procesos organizativos de los centros asistenciales. Asimismo, desde la fundaci\u00f3n se pone un \u00e9nfasis especial en la incorporaci\u00f3n de pacientes y ciudadanos en general en la toma de decisiones sobre la salud, a trav\u00e9s de la profesionalizaci\u00f3n de los movimientos asociativos y del conocimiento del paciente de sus distintos procesos cl\u00ednico-terap\u00e9uticos.<\/p>\n<p>M\u00e1s informaci\u00f3n: <a href=\"http:\/\/www.fundacionhumans.com\/\">http:\/\/www.fundacionhumans.com\/<\/a><\/p>\n<p><b>Gr\u00fcnenthal Pharma<\/b><\/p>\n<p>Gr\u00fcnenthal es l\u00edder mundial en el abordaje del dolor y de enfermedades relacionadas. Como compa\u00f1\u00eda farmac\u00e9utica basada en la ciencia, contamos con una larga trayectoria llevando tratamientos innovadores y tecnolog\u00eda de vanguardia a pacientes de todo el mundo. Nuestro prop\u00f3sito es mejorar vidas, la innovaci\u00f3n es nuestra pasi\u00f3n. Centramos todas nuestras actividades y esfuerzos en alcanzar nuestra visi\u00f3n de Un Mundo Sin Dolor.<\/p>\n<p>Gr\u00fcnenthal tiene sede en Aquisgr\u00e1n, Alemania, y filiales en 29 pa\u00edses en Europa, Latinoam\u00e9rica y Estados Unidos, nuestros productos se comercializan en alrededor de 100 pa\u00edses. Cerca de 4.500 profesionales trabajan en Gr\u00fcnenthal y en 2020 alcanz\u00f3 ingresos de aproximadamente 1.300 millones de euros.<\/p>\n<p>M\u00e1s informaci\u00f3n: <a href=\"http:\/\/www.grunenthal.es\">www.grunenthal.es<\/a><\/p>\n<p>S\u00edguenos en LinkedIn: <a href=\"https:\/\/www.linkedin.com\/company\/grunenthal-esp\/mycompany\/coworkercontent\/\">Gr\u00fcnenthal Espa\u00f1a<\/a><\/p>\n<p>Por Alessandro Bazzoni<\/p>\n","protected":false},"excerpt":{"rendered":"<p>Por Alessandro Bazzoni El abordaje del dolor debe comprender no s\u00f3lo la parte biol\u00f3gica, sino centrarse en los componentes psico-sociales e incluso espirituales, una particularidad que otorga especial relevancia a la humanizaci\u00f3n de la atenci\u00f3n sanitaria. Por ejemplo, la comunicaci\u00f3n profesional sanitario-paciente emp\u00e1tica, en la que se tenga en cuenta sus necesidades, sus preferencias y [&hellip;]<\/p>\n","protected":false},"author":2,"featured_media":9983,"comment_status":"closed","ping_status":"open","sticky":false,"template":"","format":"standard","meta":[],"categories":[146],"tags":[8606,9441,9442,9440],"wppr_data":{"cwp_meta_box_check":"No"},"_links":{"self":[{"href":"https:\/\/www.notaoficial.com\/s\/wp-json\/wp\/v2\/posts\/9982"}],"collection":[{"href":"https:\/\/www.notaoficial.com\/s\/wp-json\/wp\/v2\/posts"}],"about":[{"href":"https:\/\/www.notaoficial.com\/s\/wp-json\/wp\/v2\/types\/post"}],"author":[{"embeddable":true,"href":"https:\/\/www.notaoficial.com\/s\/wp-json\/wp\/v2\/users\/2"}],"replies":[{"embeddable":true,"href":"https:\/\/www.notaoficial.com\/s\/wp-json\/wp\/v2\/comments?post=9982"}],"version-history":[{"count":1,"href":"https:\/\/www.notaoficial.com\/s\/wp-json\/wp\/v2\/posts\/9982\/revisions"}],"predecessor-version":[{"id":9984,"href":"https:\/\/www.notaoficial.com\/s\/wp-json\/wp\/v2\/posts\/9982\/revisions\/9984"}],"wp:featuredmedia":[{"embeddable":true,"href":"https:\/\/www.notaoficial.com\/s\/wp-json\/wp\/v2\/media\/9983"}],"wp:attachment":[{"href":"https:\/\/www.notaoficial.com\/s\/wp-json\/wp\/v2\/media?parent=9982"}],"wp:term":[{"taxonomy":"category","embeddable":true,"href":"https:\/\/www.notaoficial.com\/s\/wp-json\/wp\/v2\/categories?post=9982"},{"taxonomy":"post_tag","embeddable":true,"href":"https:\/\/www.notaoficial.com\/s\/wp-json\/wp\/v2\/tags?post=9982"}],"curies":[{"name":"wp","href":"https:\/\/api.w.org\/{rel}","templated":true}]}}